{"id":461,"date":"2020-04-02T17:16:03","date_gmt":"2020-04-02T14:16:03","guid":{"rendered":"https:\/\/www.fuare.net\/?p=461"},"modified":"2020-04-04T03:32:23","modified_gmt":"2020-04-04T00:32:23","slug":"is-yerlerinde-yasam-merkezlerinde-ve-bahcelerde-dezenfekte-ilaclama","status":"publish","type":"post","link":"https:\/\/www.fuare.net\/index.php\/2020\/04\/02\/is-yerlerinde-yasam-merkezlerinde-ve-bahcelerde-dezenfekte-ilaclama\/","title":{"rendered":"\u0130\u015e YERLER\u0130NDE, YA\u015eAM MERKEZLER\u0130NDE  VE BAH\u00c7ELERDE V\u0130R\u00dcSLER DE DAH\u0130L OLMAK \u00dcZERE T\u00dcM M\u0130KRO ORGAN\u0130ZMALARA KAR\u015eI DEZENFEKTE,HA\u015eERE  \u0130LA\u00c7LAMA VE KONTROL H\u0130ZMET\u0130"},"content":{"rendered":"\n<p>Dezenfeksiyon, patojen yani hastal\u0131k yap\u0131c\u0131 organizmalar\u0131n yok edilmesini ve etkisiz duruma getirilmesini sa\u011flama i\u015flemine verilen isimdir. Dezenfektan ise bu ama\u00e7la kullan\u0131lan kimyasal ila\u00e7lara verilen isimdir.  Bizler \u0130stanbul Fuare \u0130la\u00e7lama olarak  sizlere dezenfekte ila\u00e7lama ile ilgili hizmet sunmaktay\u0131z.  Dezenfekte ila\u00e7lamaya en \u00e7ok ya\u015fam alanlar\u0131n\u0131zda, i\u015f yerlerinizde ve bah\u00e7elerde ihtiya\u00e7 duyars\u0131n\u0131z. Bunun i\u00e7in \u00f6nceli\u011fimiz  i\u015f yerleri,ya\u015fam merkezleri ve bah\u00e7elerdir.  G\u00fcn\u00fcm\u00fcz\u00fcn en b\u00fcy\u00fck problemi; Corona vir\u00fcs. <\/p>\n\n\n\n<p>D\u00fcnya \u00e7ap\u0131nda bu rahats\u0131zl\u0131kla ilgili \u00e7al\u0131\u015fmalar y\u00fcr\u00fct\u00fclmektedir ve \u00f6nlemler al\u0131nmaktad\u0131r.\u00d6nlemlerin ba\u015f\u0131nda dezenfeksiyon i\u015flemi yer almaktad\u0131r. Coronavir\u00fcs, elle temas edilen her \u015feyden bula\u015fabilecek bir pandemi rahats\u0131zl\u0131\u011f\u0131d\u0131r. Peki pandemi nedir? Biraz da bundan bahsetmek istiyorum. Pandemi, bir k\u0131ta ya da t\u00fcm evrende yay\u0131lan geni\u015f \u00e7apl\u0131 salg\u0131n hastal\u0131klara verilen isimdir. G\u00fcn\u00fcm\u00fcz\u00fcn en ciddi rahats\u0131l\u0131\u011f\u0131 coronavir\u00fcs gibi. Coronavir\u00fcs&#8217;\u00fc detayl\u0131 olarak incelemekte fayda var.  Bilimsel olarak 2019-nCov olarak adland\u0131r\u0131lan bir vir\u00fcs t\u00fcr\u00fcd\u00fcr.<\/p>\n\n\n\n<p>\u00c7in&#8217;in Wuhan kentinde ortaya \u00e7\u0131kan bir solunum yoluyla bula\u015fan bir vir\u00fcs \u00e7e\u015fitidir. \u0130lk ba\u015flarda insandan insana bula\u015ft\u0131\u011f\u0131 hakk\u0131nda hi\u00e7bir bilginin olmad\u0131\u011f\u0131 daha sonras\u0131nda ise vaka say\u0131s\u0131n\u0131n artmas\u0131yla birlikte ara\u015ft\u0131rmalar sonucu insandan insana bula\u015ft\u0131\u011f\u0131 y\u00f6n\u00fcnde bir tespit yap\u0131lm\u0131\u015ft\u0131r. Burda dikkat edilmesi bir y\u00f6n vard\u0131r. Bu vir\u00fcs insanlara bula\u015ft\u0131\u011f\u0131 gibi baz\u0131lar\u0131 hayvanlar\u0131 da etkilemektedir. Burada vir\u00fcs\u00fcn tek y\u00f6nl\u00fc olmad\u0131\u011f\u0131 ile ilgili bir kan\u0131ya varm\u0131\u015f oluyoruz. Bilim adamlar\u0131 yeni koronavir\u00fcs 2019-nCov &#8216;un di\u011fer koronavir\u00fcs t\u00fcrlerinden MERS ve SARS gibi hareket edebilece\u011fine ve benzer etkileri g\u00f6sterebilece\u011fine inanmaktad\u0131rlar. Standart mesafe 6 metre olarak belirlenmi\u015f olup insandan insana h\u0131zl\u0131 bir \u015fekilde yay\u0131lma g\u00f6stermektedir. Vir\u00fcs, \u00f6ks\u00fcrme ve hap\u015f\u0131rma yoluyla yani salg\u0131lar vas\u0131tas\u0131yla bula\u015fma durumu g\u00f6stermektedir. <\/p>\n\n\n\n<p>Enfekte olmayan bir insan i\u00e7in bile a\u011f\u0131zdan, burundan ve solunum yollar\u0131ndan  \u00e7ok h\u0131zl\u0131 bir \u015fekilde yay\u0131labilmeyi ifade eder bizlere.  Bu vir\u00fcs de di\u011fer vir\u00fcsler gibi en y\u00fcksek seviyede g\u00f6r\u00fcld\u00fc\u011f\u00fc zaman en bula\u015f\u0131c\u0131 olarak kabul edilir. Biraz da belirtilerinden bahsetmekte fayda var.  Temel olarak \u00fc\u00e7 tane belirti g\u00f6sterir.Bunlar;ate\u015f, \u00f6ks\u00fcr\u00fck, nefes darl\u0131\u011f\u0131d\u0131r. Bu belirtiler vir\u00fcse maruz kald\u0131ktan sonra ortaya \u00e7\u0131kan belirtilerdir. <\/p>\n\n\n\n<p>Genelde maruz kald\u0131ktan 2 g\u00fcn ile 14 g\u00fcn aras\u0131nda meydana gelme durumu g\u00f6zlenir. E\u011fer b\u00f6yle bir duruma maruz kald\u0131\u011f\u0131m\u0131z\u0131 hissediyorsak derhal t\u0131bbi destek almam\u0131z gerekir. Sa\u011fl\u0131k \u00e7al\u0131\u015fanlar\u0131yla ileti\u015fim kurmak \u00f6nemlidir. \u00d6ncelikle  telefonda konu\u015farak durumunuzu a\u00e7\u0131klaman\u0131z gerekir. Sonras\u0131nda onlar\u0131n tavsiyelerini dinleyerek gitmeniz gerekiyorsa sa\u011fl\u0131k kurulu\u015flar\u0131na gitmeniz gerekir. \u0130\u015fletmenizin ya da ya\u015fam alan\u0131n\u0131z\u0131n maruz kald\u0131\u011f\u0131nda ne yapman\u0131z gerekti\u011fiyle ilgili konu\u015fmakta fayda var. <\/p>\n\n\n\n<p>\u00c7al\u0131\u015fanlar\u0131n\u0131z\u0131n ya da beraber ya\u015fad\u0131\u011f\u0131n\u0131z ki\u015filerin aran\u0131zda oldu\u011funu d\u00fc\u015f\u00fcn\u00fcyorsan\u0131z bunun i\u00e7in gerekli \u00f6nlemi alman\u0131z gerekir. \u0130\u015fletmenizin ya da ya\u015fam alan\u0131z\u0131n yeteri kadar test edilmesini bekleyene kadar i\u00e7eride insan bar\u0131nd\u0131rmaman\u0131z gerekir.  Binan\u0131n tamamen kapat\u0131lmas\u0131 gerekir. <\/p>\n\n\n\n<p>Bu vir\u00fcs standart temizlik \u00fcr\u00fcnleriyle giderilecek bir vir\u00fcs t\u00fcr\u00fc de\u011fildir. \u0130\u015fte sizlere bu konuda yard\u0131mc\u0131 olaca\u011f\u0131z. Gerekli dezenfeksiyonun yap\u0131lmas\u0131 gerekiyor. Do\u011fru dezenfektan kullan\u0131m\u0131 \u00f6nemlidir. Ayn\u0131 zamanda dezenfeksiyon yap\u0131l\u0131rken giyilecek k\u0131yafetler de \u00e7ok \u00f6nemlidir. \u00dczerinizdeki k\u0131yafetler dezenfeksiyona uygun de\u011filse vir\u00fcs\u00fcn bula\u015fma oran\u0131 daha da \u00e7ok artacakt\u0131r. Coronavir\u00fcs i\u00e7in y\u00fczeylerin dezenfeksiyonunu yapmak e\u011fitimsiz ki\u015filerin yapabilece\u011fi bir i\u015f de\u011fildir. Bu y\u00fczden sizlere bu konuda gerekli tedbirleri alarak tam anlam\u0131yla sa\u011fl\u0131kl\u0131 bir dezenfeksiyon i\u015flemi sunmaktay\u0131z. <\/p>\n\n\n\n<p>Pek \u00e7ok i\u015fletme \u015fu an pandemi ve viral salg\u0131nlarla ilgili etkili bir plan yapmakta zorlanmaktad\u0131r. Vir\u00fcs\u00fcn acil tehdit bar\u0131nd\u0131rmas\u0131n\u0131n yan\u0131nda i\u015fletmeler a\u00e7\u0131s\u0131ndan \u00e7e\u015fitli sorunlar ortaya \u00e7\u0131kt\u0131. Alternatif \u00e7al\u0131\u015fma sistemlerindeki de\u011fi\u015fiklikler, \u00fcretim kesintisi, maddi a\u00e7\u0131dan s\u0131k\u0131nt\u0131lar, \u00e7al\u0131\u015fanlar\u0131n izin durumlar\u0131 ,ayn\u0131 zamanda i\u015fletmenin hijyenik sorunlar\u0131 \u00f6rnek olarak verilebilir. Bu y\u00fczden i\u015fletmelerin pandemi planlamas\u0131 yapmas\u0131 gerekiyor. \u00d6zellikle bu d\u00f6nemde en \u00f6nemli \u015fey haline geldi. Bu konuda sizlere hizmet vermekteyiz. <\/p>\n\n\n\n<p>Tesisinizin pandemik plan\u0131yla ilgili bilgi vermekte fayda var. \u00d6ncelikle bir pandemi planlama g\u00f6rev g\u00fcc\u00fc olu\u015fturman\u0131z gerekmektedir.  Bu g\u00f6rev g\u00fcc\u00fc, t\u00fcm departmanlar\u0131n muhasebe i\u015flerinden sorumlu olmal\u0131d\u0131r. G\u00f6rev g\u00fcc\u00fc , pandemik ve viral salg\u0131nlar i\u00e7in \u00e7ok \u00f6nemlidir.  Pandemi plan\u0131n\u0131z\u0131 entegre etmekle devam edebilirsiniz. Genel afet kurtarman\u0131za dahil olmal\u0131d\u0131r. Bunun i\u00e7in \u00e7al\u0131\u015fanlar\u0131n devams\u0131zl\u0131\u011f\u0131n\u0131 g\u00f6z ard\u0131 etmemek gerek. Bunun i\u00e7in \u00e7al\u0131\u015fanlar\u0131m\u0131z\u0131n pek \u00e7ok alanda pek \u00e7ok say\u0131da yeti\u015ftirilmesi gerekiyor. <\/p>\n\n\n\n<p>Art\u0131k pandemi plan\u0131n\u0131z\u0131 tan\u0131mlama zaman\u0131. Salg\u0131n yan\u0131t\u0131n\u0131z\u0131 a\u00e7\u0131k\u00e7a belirtmeniz gerekmektedir. Plan\u0131n her y\u00f6n\u00fcnden kimlerin sorumlu oldu\u011funu belirtmenizde fayda var. Pandemi planlamas\u0131na eklenecek bir ka\u00e7 tane bilgi bulunmaktad\u0131r. Bunlar;   <\/p>\n\n\n\n<p>\u2022 Plan aktivasyon tetikleyicileri<\/p>\n\n\n\n<p>\u2022 Bir pandemi s\u0131ras\u0131nda korunmas\u0131 gereken temel fonksiyonlar<\/p>\n\n\n\n<p>\u2022 Bu i\u015flevleri s\u00fcrd\u00fcrmek i\u00e7in gereken personel<\/p>\n\n\n\n<p>\u2022 Kritik i\u015flevlerin s\u00fcrd\u00fcr\u00fclmesini sa\u011flamak i\u00e7in \u00e7apraz e\u011fitim gerekir<\/p>\n\n\n\n<p>\u2022 Temel i\u015flevlerin s\u00fcreklili\u011fini sa\u011flamak i\u00e7in gerekli ekipman, sarf malzemeleri ve tedarik\u00e7iler<\/p>\n\n\n\n<p>\u2022 \u00c7al\u0131\u015fanlar\u0131 sa\u011fl\u0131k ve g\u00fcvenliklerini korumak i\u00e7in uygun \u015fekilde haz\u0131rlamak i\u00e7in gerekli ekipman ve e\u011fitim<\/p>\n\n\n\n<p>\u2022 Bir pandemi s\u0131ras\u0131nda \u00e7al\u0131\u015fanlar ve ziyaret\u00e7iler i\u00e7in protokoller<\/p>\n\n\n\n<p>\u2022 Kriz ileti\u015fim<\/p>\n\n\n\n<p>olarak say\u0131labilir.  Pandemi plan\u0131n\u0131z\u0131 haz\u0131rlamadan \u00f6nce pandemi plan\u0131n\u0131zda \u00e7al\u0131\u015facaklar\u0131n ve pandemi plan\u0131n\u0131zdan sorumlu payda\u015flar\u0131n e\u011fitilmesi gerekiyor. K\u0131sacas\u0131 plandaki herkesin \u00f6ncesinde gerekli e\u011fitimden ge\u00e7mesi gerekiyor. Pandemi plan\u0131n\u0131z\u0131 haz\u0131rlad\u0131ktan sonra gerekli \u015firketleri ve payda\u015flar\u0131 koordine etmeniz gerekmektedir. Bir pandemi d\u00f6neminde \u00e7al\u0131\u015fan ki\u015filerin sa\u011fl\u0131\u011f\u0131 ve hijyeni en \u00f6nemli konulardan biridir. \u00c7al\u0131\u015fanlar\u0131n\u0131za bu durumda sa\u011fl\u0131klar\u0131yla ilgili gerekli bilgilendirmeyi yapman\u0131z gerekmektedir. Hamile olan \u00e7al\u0131\u015fanlar\u0131n\u0131z varsa ek bireysel risk fakt\u00f6rlerini g\u00f6z \u00f6n\u00fcnde bulundurman\u0131z gerekmektedir. Sosyal mesafeyi \u00f6nemli tutarak i\u015f hayat\u0131n\u0131zdaki s\u00fcre\u00e7leri nas\u0131l devam ettirece\u011finizle ilgili  gerekli bilgilendirmeyi yapman\u0131z gerekmektedir. Sosyal mesafeyi s\u00fcre\u00e7lerin i\u00e7ine dahil etmek i\u00e7in gerekli \u00f6nlemleri alman\u0131z gerekmektedir. Mesela y\u00fcz y\u00fcze toplant\u0131lar\u0131 online duruma getirerek yapmakta fayda var. Ya da gereksiz i\u015f seyahatlerden ka\u00e7\u0131n\u0131lmal\u0131d\u0131r. \u00c7al\u0131\u015fanlar\u0131 birbirleriyle etkile\u015fim halinde olacaklar\u0131 durumdan uzak tutmak i\u00e7in politikalar geli\u015ftirmeniz gerekir.Hasta olduklar\u0131 taktirde \u00e7al\u0131\u015fanlar\u0131 eve al\u0131\u015ft\u0131rmak i\u00e7in hasta izin politikas\u0131 geli\u015ftirmeniz daha do\u011fru olmaktad\u0131r.Salg\u0131n durumunda gerekli tatillerin ve izinlerin olmas\u0131 i\u00e7in de bir politika d\u00fczenlemeniz gerekmektedir.  \u00c7al\u0131\u015fanlar\u0131n ayn\u0131 zamanda sorular\u0131n\u0131 daha rahat sorabilmeleri ve bilgilenmeleri i\u00e7in web tabanl\u0131 bir sistem kullanmakta fayda var. \u00c7al\u0131\u015fanlara pandemik stresi azaltacak ve \u00f6nleyecek e\u011fitimlerin verilmesi sa\u011flanmal\u0131d\u0131r. <\/p>\n\n\n\n<p>\u0130stanbul Fuare \u0130la\u00e7lama firmas\u0131 olarak  her zaman yan\u0131n\u0131zday\u0131z. Bu planlama sayesinde pandemi gibi salg\u0131nlar\u0131 daha h\u0131zl\u0131 \u00f6nleyebilirsiniz. \u0130\u015fletmenizin bu d\u00f6nemde en \u00e7ok ihtiya\u00e7 duydu\u011fu \u015feydir. \u0130\u015fletmenizin, ya\u015fam yerlerinizin ve bah\u00e7elerinizin b\u00f6yle bir \u015feye maruz kald\u0131\u011f\u0131n\u0131 d\u00fc\u015f\u00fcn\u00fcyorsan\u0131z  hemen bizimle ileti\u015fime ge\u00e7ebilirsiniz. 05545790751 numaras\u0131n\u0131 araman\u0131z yeterlidir.<\/p>\n\n\n\n<p>                                     <\/p>\n\n\n\n<figure class=\"wp-block-gallery columns-1 is-cropped\"><ul class=\"blocks-gallery-grid\"><li class=\"blocks-gallery-item\"><figure><img loading=\"lazy\" width=\"768\" height=\"1024\" src=\"https:\/\/www.fuare.net\/wp-content\/uploads\/2020\/04\/IMG-20200331-WA0098-1-768x1024.jpg\" alt=\"\" data-id=\"486\" data-full-url=\"https:\/\/www.fuare.net\/wp-content\/uploads\/2020\/04\/IMG-20200331-WA0098-1.jpg\" data-link=\"https:\/\/www.fuare.net\/index.php\/2020\/04\/02\/is-yerlerinde-yasam-merkezlerinde-ve-bahcelerde-dezenfekte-ilaclama\/img-20200331-wa0098-1\/\" class=\"wp-image-486\" srcset=\"https:\/\/www.fuare.net\/wp-content\/uploads\/2020\/04\/IMG-20200331-WA0098-1-768x1024.jpg 768w, https:\/\/www.fuare.net\/wp-content\/uploads\/2020\/04\/IMG-20200331-WA0098-1-225x300.jpg 225w, https:\/\/www.fuare.net\/wp-content\/uploads\/2020\/04\/IMG-20200331-WA0098-1-1152x1536.jpg 1152w, https:\/\/www.fuare.net\/wp-content\/uploads\/2020\/04\/IMG-20200331-WA0098-1.jpg 1200w\" sizes=\"(max-width: 768px) 100vw, 768px\" \/><\/figure><\/li><\/ul><\/figure>\n","protected":false},"excerpt":{"rendered":"<p>Dezenfeksiyon, patojen yani hastal\u0131k yap\u0131c\u0131 organizmalar\u0131n yok edilmesini ve etkisiz duruma getirilmesini sa\u011flama i\u015flemine verilen isimdir. Dezenfektan ise bu ama\u00e7la kullan\u0131lan kimyasal ila\u00e7lara verilen isimdir. Bizler \u0130stanbul Fuare \u0130la\u00e7lama olarak sizlere dezenfekte ila\u00e7lama ile ilgili hizmet sunmaktay\u0131z. Dezenfekte ila\u00e7lamaya en \u00e7ok ya\u015fam alanlar\u0131n\u0131zda, i\u015f yerlerinizde ve bah\u00e7elerde ihtiya\u00e7 duyars\u0131n\u0131z. Bunun i\u00e7in \u00f6nceli\u011fimiz i\u015f yerleri,ya\u015fam merkezleri [&hellip;]<\/p>\n","protected":false},"author":1,"featured_media":0,"comment_status":"open","ping_status":"open","sticky":true,"template":"","format":"standard","meta":[],"categories":[94,96],"tags":[],"_links":{"self":[{"href":"https:\/\/www.fuare.net\/index.php\/wp-json\/wp\/v2\/posts\/461"}],"collection":[{"href":"https:\/\/www.fuare.net\/index.php\/wp-json\/wp\/v2\/posts"}],"about":[{"href":"https:\/\/www.fuare.net\/index.php\/wp-json\/wp\/v2\/types\/post"}],"author":[{"embeddable":true,"href":"https:\/\/www.fuare.net\/index.php\/wp-json\/wp\/v2\/users\/1"}],"replies":[{"embeddable":true,"href":"https:\/\/www.fuare.net\/index.php\/wp-json\/wp\/v2\/comments?post=461"}],"version-history":[{"count":7,"href":"https:\/\/www.fuare.net\/index.php\/wp-json\/wp\/v2\/posts\/461\/revisions"}],"predecessor-version":[{"id":488,"href":"https:\/\/www.fuare.net\/index.php\/wp-json\/wp\/v2\/posts\/461\/revisions\/488"}],"wp:attachment":[{"href":"https:\/\/www.fuare.net\/index.php\/wp-json\/wp\/v2\/media?parent=461"}],"wp:term":[{"taxonomy":"category","embeddable":true,"href":"https:\/\/www.fuare.net\/index.php\/wp-json\/wp\/v2\/categories?post=461"},{"taxonomy":"post_tag","embeddable":true,"href":"https:\/\/www.fuare.net\/index.php\/wp-json\/wp\/v2\/tags?post=461"}],"curies":[{"name":"wp","href":"https:\/\/api.w.org\/{rel}","templated":true}]}}